{"id":169,"date":"2017-06-07T21:59:03","date_gmt":"2017-06-07T19:59:03","guid":{"rendered":"http:\/\/sophiejacobsen.de\/?p=169"},"modified":"2017-06-20T22:24:03","modified_gmt":"2017-06-20T20:24:03","slug":"demo-fuer-den-musikzweig","status":"publish","type":"post","link":"https:\/\/sophiejacobsen.de\/?p=169","title":{"rendered":"Demo f\u00fcr den Musikzweig! (Update wg. Absage)"},"content":{"rendered":"<p><a href=\"http:\/\/sophiejacobsen.de\/wp-content\/uploads\/2017\/06\/18953505_688844984646898_7185115171553382369_o.jpg\"><\/a><a href=\"http:\/\/sophiejacobsen.de\/wp-content\/uploads\/2017\/06\/18953505_688844984646898_7185115171553382369_o.jpg\"><img loading=\"lazy\" decoding=\"async\" class=\"alignleft wp-image-170 size-medium\" src=\"http:\/\/sophiejacobsen.de\/wp-content\/uploads\/2017\/06\/18953505_688844984646898_7185115171553382369_o-300x223.jpg\" alt=\"18953505_688844984646898_7185115171553382369_o\" width=\"300\" height=\"223\" srcset=\"https:\/\/sophiejacobsen.de\/wp-content\/uploads\/2017\/06\/18953505_688844984646898_7185115171553382369_o-300x223.jpg 300w, https:\/\/sophiejacobsen.de\/wp-content\/uploads\/2017\/06\/18953505_688844984646898_7185115171553382369_o-768x570.jpg 768w, https:\/\/sophiejacobsen.de\/wp-content\/uploads\/2017\/06\/18953505_688844984646898_7185115171553382369_o-1024x760.jpg 1024w, https:\/\/sophiejacobsen.de\/wp-content\/uploads\/2017\/06\/18953505_688844984646898_7185115171553382369_o.jpg 1559w\" sizes=\"auto, (max-width: 300px) 100vw, 300px\" \/><\/a><\/p>\n<p>&#8222;Bei dieser Demonstration geht es um mehr als nur um die Musik. Um einen qualitativ hochwertigen Musikzweig einzurichten und zu garantieren wurde an der TSS eine zus\u00e4tzliche Stelle f\u00fcr die Leitung des Musikzweiges eingerichtet. Diese Ma\u00dfnahme hat sich sichtlich gelohnt. Der Musikzweig ist seit Jahrzehnten zu einem positiven Aush\u00e4ngeschild der TSS geworden und ist aus der Kulturlandschaft Nordfrieslands und Schleswig-Holsteins nicht wegzudenken. Dem wird nun ein Ende gesetzt, weil die Stelle nicht neu besetzt werden soll. Die Schulleitung entscheidet dies im Alleingang und uns bleibt nur der Weg in die \u00d6ffentlichkeit.<br \/>\nKommet zuhauf! Teilt den Beitrag sooft ihr k\u00f6nnt. Bis Samstag!&#8220;<\/p>\n<p>Via <a class=\"profileLink\" href=\"https:\/\/www.facebook.com\/christinakropp.de?fref=mentions\" data-hovercard=\"\/ajax\/hovercard\/user.php?id=100005642078928&amp;extragetparams=%7B%22fref%22%3A%22mentions%22%7D\" data-hovercard-prefer-more-content-show=\"1\">Christina Kropp<\/a><\/p>\n<p>&nbsp;<\/p>\n<p>Nach einem Gespr\u00e4chsangebot der Schulleitung an alle Gremien wurde die Demo abgesagt. Sobald es etwas neues gibt, posten wir das hier.<\/p>\n","protected":false},"excerpt":{"rendered":"<p>&#8222;Bei dieser Demonstration geht es um mehr als nur um die Musik. Um einen qualitativ hochwertigen Musikzweig einzurichten und zu garantieren wurde an der TSS eine zus\u00e4tzliche Stelle f\u00fcr die Leitung des Musikzweiges eingerichtet. Diese Ma\u00dfnahme hat sich sichtlich gelohnt. Der Musikzweig ist seit Jahrzehnten zu einem positiven Aush\u00e4ngeschild der TSS geworden und ist aus&#8230;<\/p>\n","protected":false},"author":1,"featured_media":0,"comment_status":"closed","ping_status":"open","sticky":false,"template":"","format":"standard","meta":{"jetpack_post_was_ever_published":false,"_jetpack_newsletter_access":"","_jetpack_dont_email_post_to_subs":false,"_jetpack_newsletter_tier_id":0,"_jetpack_memberships_contains_paywalled_content":false,"_jetpack_memberships_contains_paid_content":false,"footnotes":"","jetpack_publicize_message":"","jetpack_publicize_feature_enabled":true,"jetpack_social_post_already_shared":false,"jetpack_social_options":{"image_generator_settings":{"template":"highway","enabled":false},"version":2}},"categories":[1],"tags":[],"class_list":["post-169","post","type-post","status-publish","format-standard","hentry","category-allgemein"],"jetpack_publicize_connections":[],"jetpack_featured_media_url":"","jetpack_sharing_enabled":true,"jetpack_shortlink":"https:\/\/wp.me\/p8RYTk-2J","_links":{"self":[{"href":"https:\/\/sophiejacobsen.de\/index.php?rest_route=\/wp\/v2\/posts\/169","targetHints":{"allow":["GET"]}}],"collection":[{"href":"https:\/\/sophiejacobsen.de\/index.php?rest_route=\/wp\/v2\/posts"}],"about":[{"href":"https:\/\/sophiejacobsen.de\/index.php?rest_route=\/wp\/v2\/types\/post"}],"author":[{"embeddable":true,"href":"https:\/\/sophiejacobsen.de\/index.php?rest_route=\/wp\/v2\/users\/1"}],"replies":[{"embeddable":true,"href":"https:\/\/sophiejacobsen.de\/index.php?rest_route=%2Fwp%2Fv2%2Fcomments&post=169"}],"version-history":[{"count":6,"href":"https:\/\/sophiejacobsen.de\/index.php?rest_route=\/wp\/v2\/posts\/169\/revisions"}],"predecessor-version":[{"id":219,"href":"https:\/\/sophiejacobsen.de\/index.php?rest_route=\/wp\/v2\/posts\/169\/revisions\/219"}],"wp:attachment":[{"href":"https:\/\/sophiejacobsen.de\/index.php?rest_route=%2Fwp%2Fv2%2Fmedia&parent=169"}],"wp:term":[{"taxonomy":"category","embeddable":true,"href":"https:\/\/sophiejacobsen.de\/index.php?rest_route=%2Fwp%2Fv2%2Fcategories&post=169"},{"taxonomy":"post_tag","embeddable":true,"href":"https:\/\/sophiejacobsen.de\/index.php?rest_route=%2Fwp%2Fv2%2Ftags&post=169"}],"curies":[{"name":"wp","href":"https:\/\/api.w.org\/{rel}","templated":true}]}}